{"id":908,"date":"2023-06-05T10:43:24","date_gmt":"2023-06-05T07:43:24","guid":{"rendered":"https:\/\/ambminsk.esteri.it\/news\/dall_ambasciata\/2023\/06\/festa-della-repubblica-italiana\/"},"modified":"2023-06-05T10:43:24","modified_gmt":"2023-06-05T07:43:24","slug":"festa-della-repubblica-italiana","status":"publish","type":"post","link":"https:\/\/ambminsk.esteri.it\/it\/news\/dall_ambasciata\/2023\/06\/festa-della-repubblica-italiana\/","title":{"rendered":"FESTA DELLA REPUBBLICA ITALIANA &#8211; 2 GIUGNO 2023"},"content":{"rendered":"<p>Cari colleghi, Signore e Signori, cari amici,<\/p>\n<p>grazie per aver accettato il mio invito a celebrare insieme il 77\u00b0 anniversario della creazione della Repubblica Italiana.<\/p>\n<p>\u00c8 una data fondamentale per la storia del mio Paese: il 2 Giugno 1946 il popolo italiano &#8211; con un referendum &#8211; decise di votare a favore della Repubblica.<\/p>\n<p>Mi dispiace molto di non poter festeggiare questo evento importante con tanti amici bielorussi che avremmo voluto invitare e che purtroppo oggi non sono qui con noi.<\/p>\n<p>Negli ultimi anni abbiamo avuto alti e bassi nelle relazioni fra Italia e Bielorussia, ma una cosa \u00e8 certa: le relazioni umane continuano a rappresentare la base fondamentale dello stretto legame esistente fra i nostri due Paesi.<\/p>\n<p>Subito dopo l\u2019avvio delle relazioni diplomatiche fra Roma e Minsk nel 1992, fu lanciato il progetto dei soggiorni terapeutici a favore dei bambini vittime della tragedia di Chernobyl: un grande ponte aereo umanitario grazie al quale quasi 500.000 bambini bielorussi hanno potuto visitare l\u2019Italia negli ultimi 30 anni, circondati dall\u2019amore e dall\u2019affetto delle famiglie italiane.<\/p>\n<p>Si tratta di un progetto unico al mondo, che ci riempie di orgoglio.<\/p>\n<p>\u00c9 corretto affermare che le relazioni umane sono diventate la base della cooperazione fra Italia e Bielorussia.<\/p>\n<p>Ed \u00e8 partendo dalle relazioni umane che possiamo e dobbiamo ripartire per ricostruire il rapporto fra Italia e Bielorussia che negli ultimi tempi, purtroppo, ha conosciuto una fase molto critica.<\/p>\n<p>Spero vivamente, al riguardo, che le accoglienze dei bambini riprendano gi\u00e0 a partire da questa estate. L\u2019Italia sta facendo quanto necessario affinch\u00e9 ci\u00f2 avvenga, nell\u2019interesse dei bambini bielorussi e delle famiglie italiane.<\/p>\n<p>Lo dimostra la nostra decisione di riaprire al rilascio dei visti turistici per l\u2019Italia dopo la lunga pausa dovuta alla pandemia COVID.<\/p>\n<p>Le strette relazioni umane fra Italia e Bielorussia hanno favorito il commercio e la collaborazione bilaterale in campo economico ed hanno svolto un ruolo fondamentale ai fini dello sviluppo del partenariato fra i due paesi.<\/p>\n<p>Anche la piccola, ma operosa comunit\u00e0 italiana in Bielorussia &#8211; presente qui stasera &#8211; ha svolto un ruolo importante da questo punto di vista.<\/p>\n<p>Fino ad un recente passato, l\u2019Italia puntava ad un aumento ad 1 miliardo di euro all\u2019anno dell\u2019interscambio commerciale.<\/p>\n<p>Probabilmente non raggiungeremo in tempi brevi questo ambizioso obiettivo ma continueremo a lavorare in queste direzione, una volta che la situazione in Bielorussia si sar\u00e0 stabilizzata e saranno rimosse le sanzioni.<\/p>\n<p>Non \u00e8 un obiettivo raggiungibile in tempi brevi, ma dobbiamo essere pronti a ripartire appena le condizioni lo consentiranno.<\/p>\n<p>Signore e Signori, cari amici,<\/p>\n<p>viviamo in un momento molto difficile delle relazioni internazionali. La guerra in corso a poca distanza da qui ci ricorda il valore della pace, del dialogo e della collaborazione.<\/p>\n<p>L\u2019Italia e l\u2019Europa rimangono al fianco dell\u2019Ucraina in questi giorni terribili.<\/p>\n<p>Continuiamo a lavorare per una pace giusta, che rispetti l\u2019indipendenza e l\u2019integrit\u00e0 territoriale dell\u2019Ucraina.<\/p>\n<p>Per noi difendere l\u2019Ucraina significa difendere i valori della libert\u00e0 e della democrazia su cui l\u2019Europa \u00e8 stata fondata.<\/p>\n<p>Anche la Bielorussia sta vivendo una fase complicata della propria storia, forse la pi\u00f9 difficile nella sua giovane vita di Stato indipendente, ma sono fiducioso che ne uscir\u00e0 pi\u00f9 forte di prima.<\/p>\n<p>In questi 5 anni come Ambasciatore d\u2019Italia ho avuto modo di apprezzare lo spirito di sacrificio, la tenacia ed il coraggio di tanti bielorussi.<\/p>\n<p>L\u2019Italia non lesiner\u00e0 gli sforzi per aiutare il popolo bielorusso a creare un paese moderno, sovrano e prospero.<\/p>\n<p>W l\u2019Italia, W la Bielorussia, e W l\u2019amicizia fra i nostri paesi!<\/p>\n","protected":false},"excerpt":{"rendered":"Cari colleghi, Signore e Signori, cari amici, grazie per aver accettato il mio invito a celebrare insieme il 77\u00b0 anniversario della creazione della Repubblica Italiana. \u00c8 una data fondamentale per la storia del mio Paese: il 2 Giugno 1946 il popolo italiano &#8211; con un referendum &#8211; decise di votare a favore della Repubblica. Mi [&hellip;]","protected":false},"author":1,"featured_media":0,"comment_status":"","ping_status":"","sticky":false,"template":"","format":"standard","meta":{"footnotes":""},"tags":[],"class_list":["post-908","post","type-post","status-publish","format-standard","hentry"],"_links":{"self":[{"href":"https:\/\/ambminsk.esteri.it\/it\/wp-json\/wp\/v2\/posts\/908","targetHints":{"allow":["GET"]}}],"collection":[{"href":"https:\/\/ambminsk.esteri.it\/it\/wp-json\/wp\/v2\/posts"}],"about":[{"href":"https:\/\/ambminsk.esteri.it\/it\/wp-json\/wp\/v2\/types\/post"}],"author":[{"embeddable":true,"href":"https:\/\/ambminsk.esteri.it\/it\/wp-json\/wp\/v2\/users\/1"}],"replies":[{"embeddable":true,"href":"https:\/\/ambminsk.esteri.it\/it\/wp-json\/wp\/v2\/comments?post=908"}],"version-history":[{"count":0,"href":"https:\/\/ambminsk.esteri.it\/it\/wp-json\/wp\/v2\/posts\/908\/revisions"}],"wp:attachment":[{"href":"https:\/\/ambminsk.esteri.it\/it\/wp-json\/wp\/v2\/media?parent=908"}],"wp:term":[{"taxonomy":"post_tag","embeddable":true,"href":"https:\/\/ambminsk.esteri.it\/it\/wp-json\/wp\/v2\/tags?post=908"}],"curies":[{"name":"wp","href":"https:\/\/api.w.org\/{rel}","templated":true}]}}