{"id":2870,"date":"2025-04-14T11:58:18","date_gmt":"2025-04-14T08:58:18","guid":{"rendered":"https:\/\/ambminsk.esteri.it\/?p=2870"},"modified":"2025-04-17T16:38:07","modified_gmt":"2025-04-17T13:38:07","slug":"made-in-italy-a-minsk-i-grandi-architetti-italiani-al-cinema-14-17-aprile","status":"publish","type":"post","link":"https:\/\/ambminsk.esteri.it\/it\/news\/dall_ambasciata\/2025\/04\/made-in-italy-a-minsk-i-grandi-architetti-italiani-al-cinema-14-17-aprile\/","title":{"rendered":"MADE IN ITALY A MINSK \u2013 I GRANDI ARCHITETTI ITALIANI AL CINEMA (14 \u2013 17 aprile)"},"content":{"rendered":"<p>Assieme a Kinovideoprokat, l\u2019Ambasciata d\u2019Italia promuove tre documentari su Bernini, Palladio e Canova.<\/p>\n<p>L\u2019inimitabile Made in Italy progettuale, architettonico e artistico, \u00e8 nato secoli addietro grazie a una miscela unica di genialit\u00e0, materiali pregiati, ricche committenze, e libert\u00e0 di espressione artistica. Torniamo a esplorare la vita e le opere di tre geni italiani del Made in Italy, al cinema in questi giorni a Minsk.<\/p>\n","protected":false},"excerpt":{"rendered":"Assieme a Kinovideoprokat, l\u2019Ambasciata d\u2019Italia promuove tre documentari su Bernini, Palladio e Canova. L\u2019inimitabile Made in Italy progettuale, architettonico e artistico, \u00e8 nato secoli addietro grazie a una miscela unica di genialit\u00e0, materiali pregiati, ricche committenze, e libert\u00e0 di espressione artistica. Torniamo a esplorare la vita e le opere di tre geni italiani del Made [&hellip;]","protected":false},"author":5,"featured_media":2885,"comment_status":"closed","ping_status":"closed","sticky":false,"template":"","format":"standard","meta":{"footnotes":""},"tags":[],"class_list":["post-2870","post","type-post","status-publish","format-standard","has-post-thumbnail","hentry"],"_links":{"self":[{"href":"https:\/\/ambminsk.esteri.it\/it\/wp-json\/wp\/v2\/posts\/2870","targetHints":{"allow":["GET"]}}],"collection":[{"href":"https:\/\/ambminsk.esteri.it\/it\/wp-json\/wp\/v2\/posts"}],"about":[{"href":"https:\/\/ambminsk.esteri.it\/it\/wp-json\/wp\/v2\/types\/post"}],"author":[{"embeddable":true,"href":"https:\/\/ambminsk.esteri.it\/it\/wp-json\/wp\/v2\/users\/5"}],"replies":[{"embeddable":true,"href":"https:\/\/ambminsk.esteri.it\/it\/wp-json\/wp\/v2\/comments?post=2870"}],"version-history":[{"count":2,"href":"https:\/\/ambminsk.esteri.it\/it\/wp-json\/wp\/v2\/posts\/2870\/revisions"}],"predecessor-version":[{"id":2918,"href":"https:\/\/ambminsk.esteri.it\/it\/wp-json\/wp\/v2\/posts\/2870\/revisions\/2918"}],"wp:featuredmedia":[{"embeddable":true,"href":"https:\/\/ambminsk.esteri.it\/it\/wp-json\/wp\/v2\/media\/2885"}],"wp:attachment":[{"href":"https:\/\/ambminsk.esteri.it\/it\/wp-json\/wp\/v2\/media?parent=2870"}],"wp:term":[{"taxonomy":"post_tag","embeddable":true,"href":"https:\/\/ambminsk.esteri.it\/it\/wp-json\/wp\/v2\/tags?post=2870"}],"curies":[{"name":"wp","href":"https:\/\/api.w.org\/{rel}","templated":true}]}}