{"id":2409,"date":"2024-12-20T16:41:07","date_gmt":"2024-12-20T13:41:07","guid":{"rendered":"https:\/\/ambminsk.esteri.it\/?p=2409"},"modified":"2024-12-20T16:41:07","modified_gmt":"2024-12-20T13:41:07","slug":"messaggio-di-auguri","status":"publish","type":"post","link":"https:\/\/ambminsk.esteri.it\/it\/news\/dall_ambasciata\/2024\/12\/messaggio-di-auguri\/","title":{"rendered":"MESSAGGIO DI AUGURI"},"content":{"rendered":"<p>Cari Connazionali, cari Amici bielorussi,<\/p>\n<p>ci avviciniamo al Natale in uno scenario complicato in tanti Paesi, e ci attende un Anno altrettanto complesso.<\/p>\n<p>Nonostante le difficolt\u00e0, ci lasciamo alle spalle un 2024 ricchissimo di eventi e occasioni di incontro, e certamente la vivace partecipazione della comunit\u00e0 italiana e dei numerosissimi amici bielorussi \u00e8 stato motivo di grande orgoglio per l&#8217;Ambasciata, specialmente in circostanze pi\u00f9 complesse rispetto ad anni fa. Legati da una forte amicizia e rapporti di collaborazione, il popolo italiano e bielorusso continuano a far prosperare un ricco patrimonio di esperienze comuni. Ecco alcuni risultati significativi raggiunti.<\/p>\n<p>Quest&#8217;anno sono stati rilasciati poco meno di 50.000 visti d&#8217;ingresso per cittadini bielorussi, un eccellente traguardo raggiunto grazie al costante lavoro dell&#8217;Ufficio Visti insieme alla preziosa sinergia del fornitore esterno di servizi TLScontact.<\/p>\n<p>Da gennaio si \u00e8 avviato, anche grazie alla costituzione di un Ufficio commerciale-eventi, un ampio ventaglio di eventi culturali aperti alla partecipazione del pubblico soprattutto in Residenza ma non solo: le serate letterarie dedicate agli &#8220;Amici dell&#8217;Italiano&#8221; principalmente per studenti universitari, la Giornata della Memoria con il film &#8220;Il Giardino dei Finzi Contini&#8221;, la Settimana della Lingua Italiana nel Mondo dedicata a studenti, italofili, Comitato Dante Alighieri e altre scuole di lingua tra cui Formitalia intorno al personaggio poliedrico di Giorgio Faletti, le proiezioni dei film &#8220;Sophia!&#8221; e &#8220;Il Conformista&#8221; al cinema Pobeda. In omaggio a festivit\u00e0 italiane e bielorusse, la Residenza ha ospitato una serata dedicata al tradizionale Carnevale di Venezia e alla Festa Internazionale della Donna.<\/p>\n<p>Dopo alcuni anni, \u00e8 ripresa l&#8217;iniziativa dell&#8217;Italian Design Day con il concorso pubblico sul design aperto ai professionisti bielorussi. E\u2019 stato lanciato anche un concorso per la realizzazione di opere d&#8217;arte per l&#8217;Ambasciata e la Residenza.<\/p>\n<p>E&#8217; stata molto significativa la collaborazione con la Camera di Commercio italo-bielorussa nell&#8217;ambito di missioni commerciali e imprenditoriali nel settore vinicolo, lattiero-caseario, cosmetico-moda e sportivo. Lo sport \u00e8 stato protagonista delle due edizioni dell&#8217;evento &#8220;Scienza e conoscenza nello sport&#8221;, con la partecipazione di esperti italiani e bielorussi. Il lattiero-caseario \u00e8 stato invece oggetto di due Forum realizzati insieme all&#8217;Accademia statale bielorussa delle Scienze. La Residenza \u00e8 stata anche luogo di incontro per imprenditori e businessman, insieme alla Scuola di Management di Minsk 21vek.<\/p>\n<p>Abbiamo tenuto una serie di 10 masterclass di cucina in Residenza dove hanno partecipato in totale 250 cittadini bielorussi, 4 masterclass sulla preparazione del caff\u00e8 e una serata dedicata al gelato con degustazione per tutti.<\/p>\n<p>Due maestosi eventi musicali alla Filarmonica statale bielorussa con 500 ospiti ciascuno &#8211; il concerto gala dedicato a Giacomo Puccini il 6 giugno e il Requiem di Giuseppe Verdi il 12 dicembre &#8211; hanno rappresentato, con la partecipazione di musicisti di altissimo livello (alcuni arrivati dall&#8217;Italia!), un&#8217;occasione unica per celebrare la grandezza della nostra cultura musicale.<\/p>\n<p>Altrettanta programmazione sar\u00e0 prevista nel 2025, e per questo vi invitiamo a mantenervi informati sulle novit\u00e0 e attivit\u00e0 dell&#8217;Ambasciata tramite il sito web istituzionale, Instagram, Facebook, X e YouTube.<\/p>\n<p>Auguriamo a ciascuno di Voi e alle Vostre famiglie salute, felicit\u00e0 e prosperit\u00e0 per l&#8217;anno a venire, nel vivo auspicio che queste Feste donino serenit\u00e0, gioia ed entusiasmo per il futuro.<\/p>\n<p>Con affetto e stima,<\/p>\n<p>Tomaso Pietro Marchegiani<br \/>\nCapo Missione<\/p>\n<p>Virginia Fadelli<br \/>\nVice Capo Missione<\/p>\n","protected":false},"excerpt":{"rendered":"Cari Connazionali, cari Amici bielorussi, ci avviciniamo al Natale in uno scenario complicato in tanti Paesi, e ci attende un Anno altrettanto complesso. Nonostante le difficolt\u00e0, ci lasciamo alle spalle un 2024 ricchissimo di eventi e occasioni di incontro, e certamente la vivace partecipazione della comunit\u00e0 italiana e dei numerosissimi amici bielorussi \u00e8 stato motivo [&hellip;]","protected":false},"author":4,"featured_media":2408,"comment_status":"closed","ping_status":"closed","sticky":false,"template":"","format":"standard","meta":{"footnotes":""},"tags":[],"class_list":["post-2409","post","type-post","status-publish","format-standard","has-post-thumbnail","hentry"],"_links":{"self":[{"href":"https:\/\/ambminsk.esteri.it\/it\/wp-json\/wp\/v2\/posts\/2409","targetHints":{"allow":["GET"]}}],"collection":[{"href":"https:\/\/ambminsk.esteri.it\/it\/wp-json\/wp\/v2\/posts"}],"about":[{"href":"https:\/\/ambminsk.esteri.it\/it\/wp-json\/wp\/v2\/types\/post"}],"author":[{"embeddable":true,"href":"https:\/\/ambminsk.esteri.it\/it\/wp-json\/wp\/v2\/users\/4"}],"replies":[{"embeddable":true,"href":"https:\/\/ambminsk.esteri.it\/it\/wp-json\/wp\/v2\/comments?post=2409"}],"version-history":[{"count":1,"href":"https:\/\/ambminsk.esteri.it\/it\/wp-json\/wp\/v2\/posts\/2409\/revisions"}],"predecessor-version":[{"id":2411,"href":"https:\/\/ambminsk.esteri.it\/it\/wp-json\/wp\/v2\/posts\/2409\/revisions\/2411"}],"wp:featuredmedia":[{"embeddable":true,"href":"https:\/\/ambminsk.esteri.it\/it\/wp-json\/wp\/v2\/media\/2408"}],"wp:attachment":[{"href":"https:\/\/ambminsk.esteri.it\/it\/wp-json\/wp\/v2\/media?parent=2409"}],"wp:term":[{"taxonomy":"post_tag","embeddable":true,"href":"https:\/\/ambminsk.esteri.it\/it\/wp-json\/wp\/v2\/tags?post=2409"}],"curies":[{"name":"wp","href":"https:\/\/api.w.org\/{rel}","templated":true}]}}