{"id":1059,"date":"2019-04-04T15:26:33","date_gmt":"2019-04-04T12:26:33","guid":{"rendered":"https:\/\/ambminsk.esteri.it\/news\/dall_ambasciata\/2019\/04\/avviso-di-vendita-dell-autovettura\/"},"modified":"2019-04-04T15:26:33","modified_gmt":"2019-04-04T12:26:33","slug":"avviso-di-vendita-dell-autovettura","status":"publish","type":"post","link":"https:\/\/ambminsk.esteri.it\/it\/news\/dall_ambasciata\/2019\/04\/avviso-di-vendita-dell-autovettura\/","title":{"rendered":"AVVISO DI VENDITA DELL&#8217;AUTOVETTURA ALFA ROMEO"},"content":{"rendered":"<p style=\"text-align: center;\">AVVISO<\/p>\n<p style=\"text-align: center;\">L\u2019Ambasciata d\u2019Italia a Minsk vende al miglior offerente la seguente autovettura:<\/p>\n<table style=\"width: 349px; height: 242px; margin-right: auto; margin-left: auto;\" border=\"0\">\n<tbody>\n<tr>\n<td>Modello<\/td>\n<td>Alfa Romeo 159<\/td>\n<\/tr>\n<tr>\n<td>Anno<\/td>\n<td>2011<\/td>\n<\/tr>\n<tr>\n<td>Motore<\/td>\n<td>CC 1750 Benzina<\/td>\n<\/tr>\n<tr>\n<td>Aria condizionata<\/td>\n<td>Si<\/td>\n<\/tr>\n<tr>\n<td>Cambio<\/td>\n<td>Manuale<\/td>\n<\/tr>\n<tr>\n<td>Freni<\/td>\n<td>Ottime condizioni<\/td>\n<\/tr>\n<tr>\n<td>Batteria<\/td>\n<td>Nuova<\/td>\n<\/tr>\n<tr>\n<td>Pneumatici<\/td>\n<td>Estive e invernali al 70%<\/td>\n<\/tr>\n<tr>\n<td>Colore<\/td>\n<td>Grigio scuro<\/td>\n<\/tr>\n<tr>\n<td>Kilometri<\/td>\n<td>29.000<\/td>\n<\/tr>\n<tr>\n<td>Tappezzeria<\/td>\n<td>Pelle e tessuto<\/td>\n<\/tr>\n<tr>\n<td>Carrozzeria<\/td>\n<td>Ottime condizioni<\/td>\n<\/tr>\n<tr>\n<td>Prezzo<\/td>\n<td>Euro 9.000<\/td>\n<\/tr>\n<\/tbody>\n<\/table>\n<p style=\"text-align: justify;\">Il prezzo di base \u00e8 di Euro 9.000,00 e la vettura sar\u00e0 venduta gi\u00e0 sdoganata al miglior offerente. E\u2019 possibile visionare l\u2019autovettura su appuntamento telefonando al numero +375 172202969.<\/p>\n<p style=\"text-align: justify;\">Le offerte dovranno pervenire all\u2019Ambasciata d\u2019Italia a Minsk, Rakovskaja, 16\/b \u2013 220004 entro le ore 12,00 del 23 aprile 2019, per posta o consegnate a mano, in busta chiusa recante la dicitura \u201cvendita Alfa Romeo\u201d.<\/p>\n<p style=\"text-align: justify;\">L\u2019apertura delle buste contenenti le offerte al rialzo avverr\u00e0 in seduta pubblica presso l\u2019Ambasciata d\u2019Italia a Minsk il giorno 6 maggio alle ore 15,00.<\/p>\n<p style=\"text-align: justify;\">Le persone interessate sono inviate a partecipare.<\/p>\n<p style=\"text-align: justify;\">L\u2019aggiudicazione della vendita dell\u2019autovettura al miglior offerente sar\u00e0 formalizzata con apposito provvedimento di cui si dar\u00e0 avviso a tutti i partecipanti mediante pubblicazione sul sito web dell\u2019Ambasciata il 7 maggio 2019.<\/p>\n","protected":false},"excerpt":{"rendered":"AVVISO L\u2019Ambasciata d\u2019Italia a Minsk vende al miglior offerente la seguente autovettura: Modello Alfa Romeo 159 Anno 2011 Motore CC 1750 Benzina Aria condizionata Si Cambio Manuale Freni Ottime condizioni Batteria Nuova Pneumatici Estive e invernali al 70% Colore Grigio scuro Kilometri 29.000 Tappezzeria Pelle e tessuto Carrozzeria Ottime condizioni Prezzo Euro 9.000 Il prezzo [&hellip;]","protected":false},"author":1,"featured_media":0,"comment_status":"","ping_status":"","sticky":false,"template":"","format":"standard","meta":{"footnotes":""},"tags":[],"class_list":["post-1059","post","type-post","status-publish","format-standard","hentry"],"_links":{"self":[{"href":"https:\/\/ambminsk.esteri.it\/it\/wp-json\/wp\/v2\/posts\/1059","targetHints":{"allow":["GET"]}}],"collection":[{"href":"https:\/\/ambminsk.esteri.it\/it\/wp-json\/wp\/v2\/posts"}],"about":[{"href":"https:\/\/ambminsk.esteri.it\/it\/wp-json\/wp\/v2\/types\/post"}],"author":[{"embeddable":true,"href":"https:\/\/ambminsk.esteri.it\/it\/wp-json\/wp\/v2\/users\/1"}],"replies":[{"embeddable":true,"href":"https:\/\/ambminsk.esteri.it\/it\/wp-json\/wp\/v2\/comments?post=1059"}],"version-history":[{"count":0,"href":"https:\/\/ambminsk.esteri.it\/it\/wp-json\/wp\/v2\/posts\/1059\/revisions"}],"wp:attachment":[{"href":"https:\/\/ambminsk.esteri.it\/it\/wp-json\/wp\/v2\/media?parent=1059"}],"wp:term":[{"taxonomy":"post_tag","embeddable":true,"href":"https:\/\/ambminsk.esteri.it\/it\/wp-json\/wp\/v2\/tags?post=1059"}],"curies":[{"name":"wp","href":"https:\/\/api.w.org\/{rel}","templated":true}]}}