{"id":1035,"date":"2019-06-13T14:38:59","date_gmt":"2019-06-13T11:38:59","guid":{"rendered":"https:\/\/ambminsk.esteri.it\/news\/dall_ambasciata\/2019\/06\/italian-day-ai-giochi-europei-di\/"},"modified":"2019-06-13T14:38:59","modified_gmt":"2019-06-13T11:38:59","slug":"italian-day-ai-giochi-europei-di","status":"publish","type":"post","link":"https:\/\/ambminsk.esteri.it\/it\/news\/dall_ambasciata\/2019\/06\/italian-day-ai-giochi-europei-di\/","title":{"rendered":"Italian Day ai Giochi Europei di Minsk"},"content":{"rendered":"<p style=\"text-align: justify;\">Ci sar\u00e0 anche l\u2019Italia ai Giochi Europei di Minsk con una delegazione di 179 atleti, capitanata dal pugile Clemente Russo, che sar\u00e0 l\u2019alfiere azzurro in occasione della cerimonia inaugurale del 21 Giugno allo Stadio Dynamo.<\/p>\n<p style=\"text-align: justify;\">Una grande kermesse, una straordinaria vetrina per il nostro sport: 3.900 atleti, 16 discipline sportive, 200 eventi, 50 Comitati Olimpici Europei, decine di migliaia di visitatori.<\/p>\n<p style=\"text-align: justify;\">Per tingere di azzurro l\u2019evento, l\u2019Ambasciata d\u2019Italia \u2013 in collaborazione con l\u2019Agenzia Italiana del Turismo ENIT \u2013 organizzer\u00e0 un \u201cItalian Day\u201d nella Fan Zone dei Giochi il 24 Giugno.<\/p>\n<p style=\"text-align: justify;\">Teatro di strada, folklore, cultura, musica, gastronomia e tanto divertimento: la giornata si trasformer\u00e0 in una grande festa in piazza!<\/p>\n<p style=\"text-align: justify;\">Una mostra fotografica delle pi\u00f9 straordinarie bellezze del Belpaese, alcune gigantografie delle pi\u00f9 grandi imprese sportive dell\u2019Italia arricchiranno l\u2019ampia area intrattenimento dedicata all\u2019Italia, mentre gli Sbandieratori di Fivizzano allieteranno il pubblico con le loro esibizioni acrobatiche.<\/p>\n<p style=\"text-align: justify;\">Il divertimento per i pi\u00f9 piccoli verr\u00e0 garantito da Andrea Fedi, artista di strada, clown e mimo, che con il suo spettacolo coinvolger\u00e0 il pubblico in esilaranti esibizioni.<\/p>\n<p style=\"text-align: justify;\">Infine la musica, il momento pi\u00f9 atteso per dare sostegno ai nostri sportivi e all\u2019Italia, sulle note della Band del \u201cLorenzo Tucci trio\u201d, special guest Karima: tutti insieme per colorare di azzurro il cielo di Minsk.<br \/>\u2003<\/p>\n","protected":false},"excerpt":{"rendered":"Ci sar\u00e0 anche l\u2019Italia ai Giochi Europei di Minsk con una delegazione di 179 atleti, capitanata dal pugile Clemente Russo, che sar\u00e0 l\u2019alfiere azzurro in occasione della cerimonia inaugurale del 21 Giugno allo Stadio Dynamo. Una grande kermesse, una straordinaria vetrina per il nostro sport: 3.900 atleti, 16 discipline sportive, 200 eventi, 50 Comitati Olimpici [&hellip;]","protected":false},"author":1,"featured_media":0,"comment_status":"","ping_status":"","sticky":false,"template":"","format":"standard","meta":{"footnotes":""},"tags":[],"class_list":["post-1035","post","type-post","status-publish","format-standard","hentry"],"_links":{"self":[{"href":"https:\/\/ambminsk.esteri.it\/it\/wp-json\/wp\/v2\/posts\/1035","targetHints":{"allow":["GET"]}}],"collection":[{"href":"https:\/\/ambminsk.esteri.it\/it\/wp-json\/wp\/v2\/posts"}],"about":[{"href":"https:\/\/ambminsk.esteri.it\/it\/wp-json\/wp\/v2\/types\/post"}],"author":[{"embeddable":true,"href":"https:\/\/ambminsk.esteri.it\/it\/wp-json\/wp\/v2\/users\/1"}],"replies":[{"embeddable":true,"href":"https:\/\/ambminsk.esteri.it\/it\/wp-json\/wp\/v2\/comments?post=1035"}],"version-history":[{"count":0,"href":"https:\/\/ambminsk.esteri.it\/it\/wp-json\/wp\/v2\/posts\/1035\/revisions"}],"wp:attachment":[{"href":"https:\/\/ambminsk.esteri.it\/it\/wp-json\/wp\/v2\/media?parent=1035"}],"wp:term":[{"taxonomy":"post_tag","embeddable":true,"href":"https:\/\/ambminsk.esteri.it\/it\/wp-json\/wp\/v2\/tags?post=1035"}],"curies":[{"name":"wp","href":"https:\/\/api.w.org\/{rel}","templated":true}]}}