{"id":1033,"date":"2019-07-10T13:47:59","date_gmt":"2019-07-10T10:47:59","guid":{"rendered":"https:\/\/ambminsk.esteri.it\/news\/dall_ambasciata\/2019\/07\/iv-festa-dell-amicizia-italia-belarus\/"},"modified":"2019-07-10T13:47:59","modified_gmt":"2019-07-10T10:47:59","slug":"iv-festa-dell-amicizia-italia-belarus","status":"publish","type":"post","link":"https:\/\/ambminsk.esteri.it\/it\/news\/dall_ambasciata\/2019\/07\/iv-festa-dell-amicizia-italia-belarus\/","title":{"rendered":"IV Festa dell\u2019Amicizia Italia-Belarus"},"content":{"rendered":"<p style=\"text-align: justify;\">Il 13 luglio la Festa dell\u2019Amicizia Italia-Belarus porter\u00e0 per il quarto anno consecutivo nel cuore di Minsk la magia della musica, del teatro, del folklore, dell\u2019arte di strada ed i profumi ed i sapori del cibo italiano.<br \/>\u201cSar\u00e0 una grande festa\u201d &#8211; ha detto l\u2019Ambasciatore Baldi &#8211; \u201cun\u2019incredibile carrellata di spettacoli per mostrare il meglio della cultura, delle tradizioni e della cucina italiana e per sancire l\u2019amicizia con il popolo bielorusso\u201d. \u201cSperiamo di ripetere il successo dell\u2019anno scorso\u201d \u2013 ha aggiunto l\u2019Ambasciatore \u2013 \u201cquando oltre 20.000 persone visitarono la nostra Festa\u201d.<br \/>Tra i principali ospiti il gruppo musicale \u201cTributo Italiano\u201d che intratterr\u00e0 il pubblico con i grandi successi della musica italiana, il duo di mimi acrobati \u201cDaniele Sorisi e Tiphaine Rochais\u201d reduce da numerosi spettacoli alla televisione italiana ci sorprenderanno con la magia del loro spettacolo, i pizzaioli acrobatici della \u201cSquadra Nazionale\u201d originali interpreti di un\u2019arte a met\u00e0 fra il mondo dello spettacolo e della ristorazione porteranno l\u2019allegria di Napoli, mentre il folklore sar\u00e0 rappresentato dagli sbandieratori della \u201cContesa del secchio\u201d di Sant\u2019Elpidio a Mare.<br \/>Ad arricchire il tabellone degli eventi ci sar\u00e0 il talento del coro bielorusso Tsitovich, la violinista Maimuna con la sua esplosiva energia, il duo di cantati lirici del Teatro Bolshoi Aleksandr Mikniuk e Iryna Kuchinskaya maestri con il bel canto, lo spettacolo offerto dal gruppo di zumbere che danzeranno al ritmo di travolgenti musiche italiane, inoltre la sfilata di moda e lo spettacolo dello hair stylist Antonio Boccadamo e \u201cLo studio italiano di bellezza\u201d in collaborazione con la scuola \u201cImage Pro\u201d, la scuola di lingue \u201cLa Bottega del Successo\u201d, lo studio di trucco \u201cBrow Bar 12\u201d, la Scuola Nazionale di Bellezza, il salone di abiti da sposa \u201cBonjour\u201d e il marchio di gioielli \u201cHappy Glass\u201d.<br \/>Una grande area della piazza sar\u00e0 riservata alla vendita di specialit\u00e0 e piatti della tradizione culinaria italiana, ma il pubblico potr\u00e0 apprezzare anche offerte collaterali come workshop, mercatini, spazio bimbi, mostre fotografiche ed altre iniziative culturali, grazie alla consueta collaborazione delle Scuole di lingua italiana (Societ\u00e0 Dante, Streamline), dell\u2019agenzia turistica \u201cFiorino\u201d, di Belagroprombank, di Unicef e dell\u2019Inter Academy.<\/p>\n","protected":false},"excerpt":{"rendered":"Il 13 luglio la Festa dell\u2019Amicizia Italia-Belarus porter\u00e0 per il quarto anno consecutivo nel cuore di Minsk la magia della musica, del teatro, del folklore, dell\u2019arte di strada ed i profumi ed i sapori del cibo italiano.\u201cSar\u00e0 una grande festa\u201d &#8211; ha detto l\u2019Ambasciatore Baldi &#8211; \u201cun\u2019incredibile carrellata di spettacoli per mostrare il meglio della [&hellip;]","protected":false},"author":1,"featured_media":0,"comment_status":"","ping_status":"","sticky":false,"template":"","format":"standard","meta":{"footnotes":""},"tags":[],"class_list":["post-1033","post","type-post","status-publish","format-standard","hentry"],"_links":{"self":[{"href":"https:\/\/ambminsk.esteri.it\/it\/wp-json\/wp\/v2\/posts\/1033","targetHints":{"allow":["GET"]}}],"collection":[{"href":"https:\/\/ambminsk.esteri.it\/it\/wp-json\/wp\/v2\/posts"}],"about":[{"href":"https:\/\/ambminsk.esteri.it\/it\/wp-json\/wp\/v2\/types\/post"}],"author":[{"embeddable":true,"href":"https:\/\/ambminsk.esteri.it\/it\/wp-json\/wp\/v2\/users\/1"}],"replies":[{"embeddable":true,"href":"https:\/\/ambminsk.esteri.it\/it\/wp-json\/wp\/v2\/comments?post=1033"}],"version-history":[{"count":0,"href":"https:\/\/ambminsk.esteri.it\/it\/wp-json\/wp\/v2\/posts\/1033\/revisions"}],"wp:attachment":[{"href":"https:\/\/ambminsk.esteri.it\/it\/wp-json\/wp\/v2\/media?parent=1033"}],"wp:term":[{"taxonomy":"post_tag","embeddable":true,"href":"https:\/\/ambminsk.esteri.it\/it\/wp-json\/wp\/v2\/tags?post=1033"}],"curies":[{"name":"wp","href":"https:\/\/api.w.org\/{rel}","templated":true}]}}